{"id":833,"date":"2025-07-21T17:44:58","date_gmt":"2025-07-21T16:44:58","guid":{"rendered":"https:\/\/svmenzingen.de\/?p=833"},"modified":"2025-07-21T17:50:07","modified_gmt":"2025-07-21T16:50:07","slug":"sv-menzingen-gewinnt-den-kraichtalpokal-2025","status":"publish","type":"post","link":"https:\/\/svmenzingen.de\/?p=833","title":{"rendered":"SV Menzingen gewinnt den Kraichtalpokal 2025"},"content":{"rendered":"\n<p><strong>Mit einer souver\u00e4nen Leistung konnte unsere 1. Mannschaft den im Rahmen des Sportfestes ausgetragenen Kraichtalpokal gewinnen. Durch ein 2:0 gegen die SPG Eichelberg\/Landhausen, ein 3:0 gegen Ober\u00f6wisheim, einem 0:0 gegen M\u00fcnzesheim und einem 2:0 Sieg gegen Gochsheim, stand man am Ende an der Tabellenspitze und konnte den Pokal, \u00fcberreicht durch B\u00fcrgermeister Tobias Borho, entgegennehmen.<\/strong><\/p>\n\n\n\n<p>Die weiteren Platzierungen:<\/p>\n\n\n\n<p>FZG M\u00fcnzesheim<br>TSV Ober\u00f6wisheim<br>SV Gochsheim<br>SPG Eichelberg\/Landshausen<\/p>\n\n\n\n<figure class=\"wp-block-image size-large\"><img loading=\"lazy\" decoding=\"async\" width=\"1024\" height=\"768\" src=\"https:\/\/svmenzingen.de\/wp-content\/uploads\/2025\/07\/Kraichtalpokal-25-1024x768.jpg\" alt=\"\" class=\"wp-image-834\" srcset=\"https:\/\/svmenzingen.de\/wp-content\/uploads\/2025\/07\/Kraichtalpokal-25-1024x768.jpg 1024w, https:\/\/svmenzingen.de\/wp-content\/uploads\/2025\/07\/Kraichtalpokal-25-300x225.jpg 300w, https:\/\/svmenzingen.de\/wp-content\/uploads\/2025\/07\/Kraichtalpokal-25-768x576.jpg 768w, https:\/\/svmenzingen.de\/wp-content\/uploads\/2025\/07\/Kraichtalpokal-25-1536x1152.jpg 1536w, https:\/\/svmenzingen.de\/wp-content\/uploads\/2025\/07\/Kraichtalpokal-25.jpg 2048w\" sizes=\"auto, (max-width: 1024px) 100vw, 1024px\" \/><\/figure>\n\n\n\n<figure class=\"wp-block-image size-large\"><img loading=\"lazy\" decoding=\"async\" width=\"1024\" height=\"768\" src=\"https:\/\/svmenzingen.de\/wp-content\/uploads\/2025\/07\/Kraichtalpokal_2_25-1024x768.jpg\" alt=\"\" class=\"wp-image-835\" srcset=\"https:\/\/svmenzingen.de\/wp-content\/uploads\/2025\/07\/Kraichtalpokal_2_25-1024x768.jpg 1024w, https:\/\/svmenzingen.de\/wp-content\/uploads\/2025\/07\/Kraichtalpokal_2_25-300x225.jpg 300w, https:\/\/svmenzingen.de\/wp-content\/uploads\/2025\/07\/Kraichtalpokal_2_25-768x576.jpg 768w, https:\/\/svmenzingen.de\/wp-content\/uploads\/2025\/07\/Kraichtalpokal_2_25-1536x1152.jpg 1536w, https:\/\/svmenzingen.de\/wp-content\/uploads\/2025\/07\/Kraichtalpokal_2_25.jpg 2048w\" sizes=\"auto, (max-width: 1024px) 100vw, 1024px\" \/><\/figure>\n","protected":false},"excerpt":{"rendered":"<p>Mit einer souver\u00e4nen Leistung konnte unsere 1. Mannschaft den im Rahmen des Sportfestes ausgetragenen Kraichtalpokal gewinnen. Durch ein 2:0 gegen die SPG Eichelberg\/Landhausen, ein 3:0 gegen Ober\u00f6wisheim, einem 0:0 gegen M\u00fcnzesheim und einem 2:0 Sieg gegen Gochsheim, stand man am Ende an der Tabellenspitze und konnte den Pokal, \u00fcberreicht durch B\u00fcrgermeister Tobias Borho, entgegennehmen. Die [&hellip;]<\/p>\n","protected":false},"author":1,"featured_media":0,"comment_status":"closed","ping_status":"open","sticky":false,"template":"","format":"standard","meta":{"footnotes":""},"categories":[1],"tags":[56,57,58],"class_list":["post-833","post","type-post","status-publish","format-standard","hentry","category-uncategorized","tag-kraichtalpokal","tag-pokalsieger","tag-sv-menzingen"],"_links":{"self":[{"href":"https:\/\/svmenzingen.de\/index.php?rest_route=\/wp\/v2\/posts\/833","targetHints":{"allow":["GET"]}}],"collection":[{"href":"https:\/\/svmenzingen.de\/index.php?rest_route=\/wp\/v2\/posts"}],"about":[{"href":"https:\/\/svmenzingen.de\/index.php?rest_route=\/wp\/v2\/types\/post"}],"author":[{"embeddable":true,"href":"https:\/\/svmenzingen.de\/index.php?rest_route=\/wp\/v2\/users\/1"}],"replies":[{"embeddable":true,"href":"https:\/\/svmenzingen.de\/index.php?rest_route=%2Fwp%2Fv2%2Fcomments&post=833"}],"version-history":[{"count":3,"href":"https:\/\/svmenzingen.de\/index.php?rest_route=\/wp\/v2\/posts\/833\/revisions"}],"predecessor-version":[{"id":838,"href":"https:\/\/svmenzingen.de\/index.php?rest_route=\/wp\/v2\/posts\/833\/revisions\/838"}],"wp:attachment":[{"href":"https:\/\/svmenzingen.de\/index.php?rest_route=%2Fwp%2Fv2%2Fmedia&parent=833"}],"wp:term":[{"taxonomy":"category","embeddable":true,"href":"https:\/\/svmenzingen.de\/index.php?rest_route=%2Fwp%2Fv2%2Fcategories&post=833"},{"taxonomy":"post_tag","embeddable":true,"href":"https:\/\/svmenzingen.de\/index.php?rest_route=%2Fwp%2Fv2%2Ftags&post=833"}],"curies":[{"name":"wp","href":"https:\/\/api.w.org\/{rel}","templated":true}]}}